{"id":8892,"date":"2024-02-25T17:45:45","date_gmt":"2024-02-25T16:45:45","guid":{"rendered":"https:\/\/campingelcarespicosdeeuropa.com\/valdeon-the-valley-that-treasures-the-gateway-to-the-cares-route\/"},"modified":"2024-03-07T17:25:12","modified_gmt":"2024-03-07T16:25:12","slug":"valdeon-the-valley-that-treasures-the-gateway-to-the-cares-route","status":"publish","type":"post","link":"https:\/\/campingelcarespicosdeeuropa.com\/en\/valdeon-the-valley-that-treasures-the-gateway-to-the-cares-route\/","title":{"rendered":"Valde\u00f3n, the valley that treasures the gateway to the Cares route"},"content":{"rendered":"\n<h2 class=\"wp-block-heading\">Valde\u00f3n is a valley full of unique corners.<\/h2>\n\n<figure class=\"wp-block-image\"><img decoding=\"async\" src=\"https:\/\/campingelcarespicosdeeuropa.com\/wp-content\/uploads\/2012\/12\/santa_marina_de_Valdeo&#x301;n_Cornio&#x301;n_macizo_central_Camping_el_Cares-2_IMG_3011.jpg\" alt=\"\" class=\"wp-image-18350\"\/><figcaption class=\"wp-element-caption\">Valde\u00f3n Valley from Camping el Cares<\/figcaption><\/figure>\n\n<p>The southern slope of Picos, in the <strong style=\"border: 0px; margin: 0px; padding: 0px; vertical-align: baseline;\">north of the province of Le\u00f3n<\/strong>, is not only the mother of the Sella but also the cradle of one of the best preserved natural areas. It smells like a village, tastes like nature in its purest state and is a real experience for mountain lovers. We are talking about the Valde\u00f3n Valley. <\/p>\n\n<p>The fact that the Valde\u00f3n Valley preserves the essence of unspoiled nature is not only because it is protected by the Picos de Europa National Park. It is also because of its secluded <a href=\"https:\/\/campingelcarespicosdeeuropa.com\/localizacion\/\">location<\/a> that only the most intrepid dreamers seek unique experiences.<\/p>\n\n<p>There are so many stimuli that these places offer us, that we will feel totally intoxicated when we contemplate their magical corners. In fact, many are those who come to relax and contemplate. The intricate geography of the area provides lookout points with spectacular views.<\/p>\n<div class=\"wp-block-image is-style-rounded\">\n<figure class=\"aligncenter\"><img decoding=\"async\" src=\"https:\/\/campingelcarespicosdeeuropa.com\/wp-content\/uploads\/2012\/12\/Mirador_de_Valdeo&#x301;n_vistas_al_macizo_Central_IMG_0368.jpg\" alt=\"\" class=\"wp-image-18351\"\/><figcaption class=\"wp-element-caption\">Viewpoint of Valde\u00f3n<\/figcaption><\/figure>\n<\/div>\n<h3 class=\"wp-block-heading\">\n          <strong>The Valde\u00f3n Valley, eight villages and hundreds of mountains<\/strong>\n        <\/h3>\n\n<p>Eight are the villages that are drawn between the hundreds of mountains that surround them. Despite the harshness associated with this environment, for centuries, the life of these small settlements developed.<\/p>\n\n<p>The small houses, made of stone and wood, with beautiful corridors, remind us of an enduring architectural style. That together with the <strong><a href=\"https:\/\/campingelcarespicosdeeuropa.com\/publicaciones\/los-horreos-en-el-valle-de-valdeon\/\">h\u00f3rreos<\/a><\/strong>, the mills and bridges, manage to endow these villages with a fairytale atmosphere.<\/p>\n\n<p>It is a <strong>high mountain valley<\/strong>, surrounded by the high peaks of the Urrieles (Central) and Corni\u00f3n (Western). The beech forests embrace these eight villages, and the waters of the Cares River irrigate their meadows. The enclave is in the <strong>heart of the Picos de Europa<\/strong>, so it is not only attractive for the views that leave us, but it becomes a strategic point for hiking or mountaineering.<\/p>\n\n<h3 class=\"wp-block-heading\">Tradition, culture, village flavor&#8230;<\/h3>\n<div class=\"wp-block-image\">\n<figure class=\"aligncenter is-resized\"><img decoding=\"async\" src=\"https:\/\/campingelcarespicosdeeuropa.com\/wp-content\/uploads\/2012\/12\/prada-1-1024x500-2.jpg\" alt=\"\" class=\"wp-image-18344\" style=\"width:378px;height:500px\"\/><figcaption class=\"wp-element-caption\">Santa Marina of Valde\u00f3n<\/figcaption><\/figure>\n<\/div>\n<p>Worthy of mention are <strong>Soto de Valde\u00f3n<\/strong>, with the church of San Pedro of the s. XVI for its ribbed vault and Renaissance altarpiece, and the hermitage dedicated to the Virgen Blanca, and also <strong>Posada de Valde\u00f3n,<\/strong> with a church from the s. XVI and XVII, dedicated to Santa Eulalia.<\/p>\n\n<p>In <strong>Cordi\u00f1anes<\/strong>, a few meters from the Cares riverbed on its right bank, the archaeological site of El Barrejo is preserved, a full-medieval necropolis with tombs made of slabs and limestone blocks, discovered in 1995. A little further down is the hermitage of the <strong><a href=\"https:\/\/campingelcarespicosdeeuropa.com\/publicaciones\/fiestas-de-valdeon-tradicion-y-encanto-en-picos-de-europa\/\" target=\"_blank\" rel=\"noreferrer noopener\">Virgen de Corona<\/a><\/strong>, patron saint of the Valde\u00f3n valley, where legend has it that Don Pelayo was crowned king.<\/p>\n\n<p>The rest of the villages of Valde\u00f3n, Prada, Caldevilla, Los Llanos and Cain, the village that guards the emblematic <strong><a href=\"https:\/\/campingelcarespicosdeeuropa.com\/publicaciones\/la-ruta-del-cares-pr-pnpe-3\/\" target=\"_blank\" rel=\"noreferrer noopener\">route of the Cares<\/a><\/strong>, are not to be missed.<\/p>\n<div class=\"wp-block-image\">\n<figure class=\"alignright\"><img decoding=\"async\" src=\"https:\/\/campingelcarespicosdeeuropa.com\/wp-content\/uploads\/2012\/12\/Santa-Marina-FDA-P1000411.jpg\" alt=\"\" class=\"wp-image-18343\"\/><figcaption class=\"wp-element-caption\">Santa Marina de Valde\u00f3n and Los Urrieles<\/figcaption><\/figure>\n<\/div>\n<p><strong>Santa Marina de Valde\u00f3nes<\/strong> where our hidden campsite is located. A charming mountain village, whose historical antecedents seem to lie in the foundation of a monastery. King Alfonso VI granted privileges to its abbot in 1081, which is why the town boasts of being the oldest inhabited nucleus in the valley.<\/p>\n<div class=\"wp-block-image\">\n<figure class=\"aligncenter\"><img decoding=\"async\" src=\"https:\/\/campingelcarespicosdeeuropa.com\/wp-content\/uploads\/2012\/12\/prada-exterior-1024x500-2.jpg\" alt=\"\" class=\"wp-image-18345\"\/><figcaption class=\"wp-element-caption\">Prada<\/figcaption><\/figure>\n<\/div>\n<p>A system of <strong>collective agriculture<\/strong> helped their neighbors to survive in very harsh conditions. Its people, sincere and practical, seem to have complied with the laws of natural selection. Today, circumstances have changed and they enjoy certain privileges compared to their ancestors. Even so, the price of living in this unique environment sometimes becomes very high.<\/p>\n\n<p>Listening to their stories and experiences, savoring their culture and traditions, transports us to times gone by. Times when there was no room for the trivialities of today.<\/p>\n<div class=\"wp-block-image\">\n<figure class=\"aligncenter\"><img decoding=\"async\" src=\"https:\/\/campingelcarespicosdeeuropa.com\/wp-content\/uploads\/2012\/12\/1.jpg\" alt=\"\" class=\"wp-image-18347\"\/><\/figure>\n<\/div>\n<p>Having, for example, a <strong><a href=\"https:\/\/campingelcarespicosdeeuropa.com\/publicaciones\/el-queso-de-valdeon\/\">skewer of Valde\u00f3n cheese<\/a><\/strong> with a glass of Bierzo wine and contemplating the surrounding crags and forests, is undoubtedly one of the worldly pleasures that makes you vibrate with emotion. <\/p>\n\n<p>We leave you this link to the instagram account of <a href=\"https:\/\/www.instagram.com\/elcaresbar\/\" target=\"_blank\" rel=\"noreferrer noopener\">@elcaresbar<\/a>, a real pleasure for the senses&#8230;.<\/p>\n\n<p>Drinking from popular wisdom, in a legendary and natural setting such as this remote place, is an unforgettable experience.<\/p>\n\n<h4 class=\"wp-block-heading\">\u00a0<\/h4>\n\n<h4 class=\"wp-block-heading\">\n          <img loading=\"lazy\" decoding=\"async\" class=\"wp-image-16044 aligncenter\" src=\"https:\/\/campingelcarespicosdeeuropa.com\/wp-content\/uploads\/2017\/03\/CHORCO-DE-LOBOS-1.jpg\" alt=\"\" width=\"450\" height=\"337\"\/>\n        <\/h4>\n\n<h3 class=\"wp-block-heading\">Hunting wolves, a matter of survival<\/h3>\n\n<p>In the past, when wolf families were more abundant in Valde\u00f3n, they were hunted with sticks and stones. It must have been a face-to-face confrontation not without fear and adrenaline. These somewhat archaic actions were intended to control wolf populations and thus reduce the risk of attacks on livestock.<\/p>\n\n<p>There was even a municipal regulation, according to which men of a certain age were obliged to participate in this enclosure. And aided by an ingenious system of palisades that ended in a well, <strong>the wolves&#8217; chorco<\/strong>. The villagers hid in a kind of tepee, from which they scared the wolf, until it fell into the well. He was then killed by these rudimentary methods.<\/p>\n\n<h4 class=\"wp-block-heading\">\n          <img loading=\"lazy\" decoding=\"async\" class=\"wp-image-15988 aligncenter\" style=\"font-family: Tahoma, Arial, sans-serif; font-size: 14px;\" src=\"https:\/\/campingelcarespicosdeeuropa.com\/wp-content\/uploads\/2014\/11\/ermitadelacorona-1024x508.jpg\" alt=\"Hermitage_of_Corona\" width=\"446\" height=\"221\"\/>\n        <\/h4>\n\n<h3 class=\"wp-block-heading\">Corona Hermitage, what the legend says<\/h3>\n\n          \n\n          <div style=\"border: 0px; font-family: Tahoma, Arial, sans-serif; font-size: 14px; line-height: 20px; margin-bottom: 20px; padding: 0px; vertical-align: baseline;\">The <a href=\"https:\/\/campingelcarespicosdeeuropa.com\/publicaciones\/fiestas-de-valdeon-tradicion-y-encanto-en-picos-de-europa\/\"><b>Festivities of the Virgen de la Corona<\/b><\/a> have been declared of Provincial Tourist Interest. Every year the festivities of the patron saint of the valley are an event that no one wants to miss. With a procession of the Virgin accompanied by bagpipes, these festivities begin.<\/div>\n          \n\n        \n\n          \n\n          <div>Located between Cordi\u00f1anes and Cain, and in front of the Chorco de los Lobos. The history of this hermitage emerges among legends. One of them tells us that Don Pelayo, fleeing from Cordoba, when he did not consent to the marriage of the Berber governor with his sister, took refuge in these abrupt lands. Leading its inhabitants into a rebellion against Alkama in 722.<\/div>\n          \n\n        \n\n          \n\n          <div>Another legend tells that after a period of drought, the inhabitants prayed to the Virgin of Corona, who brought them rain. This is why every September 8 the festivity is celebrated and the Virgin is taken out in procession.<\/div>\n          \n\n        \n\n<h3 class=\"wp-block-heading\">The Cares route, a well-kept treasure<\/h3>\n\n<p>What started out as an access road for the maintenance of the hydroelectric power plant&#8217;s feeder canal<\/p>\n\n<p>The Cares River has not only shaped this unique Valde\u00f3n Valley throughout the ages. It is also the setting for one of the most accessible <strong>hiking<\/strong> trails in Picos de Europa. It is in Cain where this particular path begins, carved into the limestone rock. Tunnels, overhangs and bridges open the way for you, zigzagging between the giant massifs, until you reach Poncebos.<\/p>\n<div class=\"wp-block-image\">\n<figure class=\"aligncenter\"><img decoding=\"async\" src=\"https:\/\/campingelcarespicosdeeuropa.com\/wp-content\/uploads\/2014\/11\/2aki5g7-1024x685.jpg\" alt=\"\" class=\"wp-image-15993\"\/><\/figure>\n<\/div>\n<p>Although it is quite long, twelve kilometers one way, it is mostly flat. Only when reaching the Collados, is when the slopes begin to get steep. So when we explain the <strong><a href=\"https:\/\/campingelcarespicosdeeuropa.com\/publicaciones\/vive-una-autentica-aventura-en-camping\/\">range of activities<\/a><\/strong> from the camping the Cares we will make special recommendations, to make the route more bearable without missing the most interesting.<\/p>\n\n<p>\n          <a href=\"https:\/\/campingelcarespicosdeeuropa.com\/publicaciones\/la-ruta-del-cares-pr-pnpe-3\/\">See description of the Cares route<\/a>\n        <\/p>\n","protected":false},"excerpt":{"rendered":"<p>Valde\u00f3n is a valley full of unique corners. The southern slope of Picos, in the north of the province of Le\u00f3n, is not only the mother of the Sella but also the cradle of one of the best preserved natural areas. It smells like a village, tastes like nature in its purest state and is [&hellip;]<\/p>\n","protected":false},"author":1,"featured_media":8270,"comment_status":"closed","ping_status":"closed","sticky":false,"template":"","format":"standard","meta":{"footnotes":""},"categories":[98],"tags":[],"class_list":["post-8892","post","type-post","status-publish","format-standard","has-post-thumbnail","hentry","category-publications"],"yoast_head":"<!-- This site is optimized with the Yoast SEO plugin v26.5 - https:\/\/yoast.com\/wordpress\/plugins\/seo\/ -->\n<title>Valde\u00f3n, the valley that treasures the gateway to the Cares route - Camping El Cares<\/title>\n<meta name=\"robots\" content=\"index, follow, max-snippet:-1, max-image-preview:large, max-video-preview:-1\" \/>\n<link rel=\"canonical\" href=\"https:\/\/campingelcarespicosdeeuropa.com\/en\/valdeon-the-valley-that-treasures-the-gateway-to-the-cares-route\/\" \/>\n<meta property=\"og:locale\" content=\"en_GB\" \/>\n<meta property=\"og:type\" content=\"article\" \/>\n<meta property=\"og:title\" content=\"Valde\u00f3n, the valley that treasures the gateway to the Cares route - Camping El Cares\" \/>\n<meta property=\"og:description\" content=\"Valde\u00f3n is a valley full of unique corners. The southern slope of Picos, in the north of the province of Le\u00f3n, is not only the mother of the Sella but also the cradle of one of the best preserved natural areas. It smells like a village, tastes like nature in its purest state and is [&hellip;]\" \/>\n<meta property=\"og:url\" content=\"https:\/\/campingelcarespicosdeeuropa.com\/en\/valdeon-the-valley-that-treasures-the-gateway-to-the-cares-route\/\" \/>\n<meta property=\"og:site_name\" content=\"Camping El Cares\" \/>\n<meta property=\"article:published_time\" content=\"2024-02-25T16:45:45+00:00\" \/>\n<meta property=\"article:modified_time\" content=\"2024-03-07T16:25:12+00:00\" \/>\n<meta property=\"og:image\" content=\"https:\/\/campingelcarespicosdeeuropa.com\/wp-content\/uploads\/2024\/02\/Santa-Marina-FDA-P1000411.jpg\" \/>\n\t<meta property=\"og:image:width\" content=\"1000\" \/>\n\t<meta property=\"og:image:height\" content=\"750\" \/>\n\t<meta property=\"og:image:type\" content=\"image\/jpeg\" \/>\n<meta name=\"author\" content=\"Camping ElCares\" \/>\n<meta name=\"twitter:card\" content=\"summary_large_image\" \/>\n<meta name=\"twitter:label1\" content=\"Written by\" \/>\n\t<meta name=\"twitter:data1\" content=\"Camping ElCares\" \/>\n\t<meta name=\"twitter:label2\" content=\"Estimated reading time\" \/>\n\t<meta name=\"twitter:data2\" content=\"6 minutes\" \/>\n<script type=\"application\/ld+json\" class=\"yoast-schema-graph\">{\"@context\":\"https:\/\/schema.org\",\"@graph\":[{\"@type\":\"Article\",\"@id\":\"https:\/\/campingelcarespicosdeeuropa.com\/en\/valdeon-the-valley-that-treasures-the-gateway-to-the-cares-route\/#article\",\"isPartOf\":{\"@id\":\"https:\/\/campingelcarespicosdeeuropa.com\/en\/valdeon-the-valley-that-treasures-the-gateway-to-the-cares-route\/\"},\"author\":{\"name\":\"Camping ElCares\",\"@id\":\"https:\/\/campingelcarespicosdeeuropa.com\/en\/#\/schema\/person\/294070f0fde2fc95ae03b88bdda0df5e\"},\"headline\":\"Valde\u00f3n, the valley that treasures the gateway to the Cares route\",\"datePublished\":\"2024-02-25T16:45:45+00:00\",\"dateModified\":\"2024-03-07T16:25:12+00:00\",\"mainEntityOfPage\":{\"@id\":\"https:\/\/campingelcarespicosdeeuropa.com\/en\/valdeon-the-valley-that-treasures-the-gateway-to-the-cares-route\/\"},\"wordCount\":1124,\"publisher\":{\"@id\":\"https:\/\/campingelcarespicosdeeuropa.com\/en\/#organization\"},\"image\":{\"@id\":\"https:\/\/campingelcarespicosdeeuropa.com\/en\/valdeon-the-valley-that-treasures-the-gateway-to-the-cares-route\/#primaryimage\"},\"thumbnailUrl\":\"https:\/\/campingelcarespicosdeeuropa.com\/wp-content\/uploads\/2024\/02\/Santa-Marina-FDA-P1000411.jpg\",\"articleSection\":[\"Publications\"],\"inLanguage\":\"en-GB\"},{\"@type\":\"WebPage\",\"@id\":\"https:\/\/campingelcarespicosdeeuropa.com\/en\/valdeon-the-valley-that-treasures-the-gateway-to-the-cares-route\/\",\"url\":\"https:\/\/campingelcarespicosdeeuropa.com\/en\/valdeon-the-valley-that-treasures-the-gateway-to-the-cares-route\/\",\"name\":\"Valde\u00f3n, the valley that treasures the gateway to the Cares route - Camping El Cares\",\"isPartOf\":{\"@id\":\"https:\/\/campingelcarespicosdeeuropa.com\/en\/#website\"},\"primaryImageOfPage\":{\"@id\":\"https:\/\/campingelcarespicosdeeuropa.com\/en\/valdeon-the-valley-that-treasures-the-gateway-to-the-cares-route\/#primaryimage\"},\"image\":{\"@id\":\"https:\/\/campingelcarespicosdeeuropa.com\/en\/valdeon-the-valley-that-treasures-the-gateway-to-the-cares-route\/#primaryimage\"},\"thumbnailUrl\":\"https:\/\/campingelcarespicosdeeuropa.com\/wp-content\/uploads\/2024\/02\/Santa-Marina-FDA-P1000411.jpg\",\"datePublished\":\"2024-02-25T16:45:45+00:00\",\"dateModified\":\"2024-03-07T16:25:12+00:00\",\"inLanguage\":\"en-GB\",\"potentialAction\":[{\"@type\":\"ReadAction\",\"target\":[\"https:\/\/campingelcarespicosdeeuropa.com\/en\/valdeon-the-valley-that-treasures-the-gateway-to-the-cares-route\/\"]}]},{\"@type\":\"ImageObject\",\"inLanguage\":\"en-GB\",\"@id\":\"https:\/\/campingelcarespicosdeeuropa.com\/en\/valdeon-the-valley-that-treasures-the-gateway-to-the-cares-route\/#primaryimage\",\"url\":\"https:\/\/campingelcarespicosdeeuropa.com\/wp-content\/uploads\/2024\/02\/Santa-Marina-FDA-P1000411.jpg\",\"contentUrl\":\"https:\/\/campingelcarespicosdeeuropa.com\/wp-content\/uploads\/2024\/02\/Santa-Marina-FDA-P1000411.jpg\",\"width\":1000,\"height\":750},{\"@type\":\"WebSite\",\"@id\":\"https:\/\/campingelcarespicosdeeuropa.com\/en\/#website\",\"url\":\"https:\/\/campingelcarespicosdeeuropa.com\/en\/\",\"name\":\"Camping El Cares\",\"description\":\"Picos de Europa\",\"publisher\":{\"@id\":\"https:\/\/campingelcarespicosdeeuropa.com\/en\/#organization\"},\"potentialAction\":[{\"@type\":\"SearchAction\",\"target\":{\"@type\":\"EntryPoint\",\"urlTemplate\":\"https:\/\/campingelcarespicosdeeuropa.com\/en\/?s={search_term_string}\"},\"query-input\":{\"@type\":\"PropertyValueSpecification\",\"valueRequired\":true,\"valueName\":\"search_term_string\"}}],\"inLanguage\":\"en-GB\"},{\"@type\":\"Organization\",\"@id\":\"https:\/\/campingelcarespicosdeeuropa.com\/en\/#organization\",\"name\":\"Camping El Cares\",\"url\":\"https:\/\/campingelcarespicosdeeuropa.com\/en\/\",\"logo\":{\"@type\":\"ImageObject\",\"inLanguage\":\"en-GB\",\"@id\":\"https:\/\/campingelcarespicosdeeuropa.com\/en\/#\/schema\/logo\/image\/\",\"url\":\"https:\/\/campingelcarespicosdeeuropa.com\/wp-content\/uploads\/2024\/05\/logo-camping-4-1.png\",\"contentUrl\":\"https:\/\/campingelcarespicosdeeuropa.com\/wp-content\/uploads\/2024\/05\/logo-camping-4-1.png\",\"width\":762,\"height\":668,\"caption\":\"Camping El Cares\"},\"image\":{\"@id\":\"https:\/\/campingelcarespicosdeeuropa.com\/en\/#\/schema\/logo\/image\/\"}},{\"@type\":\"Person\",\"@id\":\"https:\/\/campingelcarespicosdeeuropa.com\/en\/#\/schema\/person\/294070f0fde2fc95ae03b88bdda0df5e\",\"name\":\"Camping ElCares\",\"sameAs\":[\"http:\/\/campingelcarespicosdeeuropa.com\"],\"url\":\"https:\/\/campingelcarespicosdeeuropa.com\/en\/author\/admin6525\/\"}]}<\/script>\n<!-- \/ Yoast SEO plugin. -->","yoast_head_json":{"title":"Valde\u00f3n, the valley that treasures the gateway to the Cares route - Camping El Cares","robots":{"index":"index","follow":"follow","max-snippet":"max-snippet:-1","max-image-preview":"max-image-preview:large","max-video-preview":"max-video-preview:-1"},"canonical":"https:\/\/campingelcarespicosdeeuropa.com\/en\/valdeon-the-valley-that-treasures-the-gateway-to-the-cares-route\/","og_locale":"en_GB","og_type":"article","og_title":"Valde\u00f3n, the valley that treasures the gateway to the Cares route - Camping El Cares","og_description":"Valde\u00f3n is a valley full of unique corners. The southern slope of Picos, in the north of the province of Le\u00f3n, is not only the mother of the Sella but also the cradle of one of the best preserved natural areas. It smells like a village, tastes like nature in its purest state and is [&hellip;]","og_url":"https:\/\/campingelcarespicosdeeuropa.com\/en\/valdeon-the-valley-that-treasures-the-gateway-to-the-cares-route\/","og_site_name":"Camping El Cares","article_published_time":"2024-02-25T16:45:45+00:00","article_modified_time":"2024-03-07T16:25:12+00:00","og_image":[{"width":1000,"height":750,"url":"https:\/\/campingelcarespicosdeeuropa.com\/wp-content\/uploads\/2024\/02\/Santa-Marina-FDA-P1000411.jpg","type":"image\/jpeg"}],"author":"Camping ElCares","twitter_card":"summary_large_image","twitter_misc":{"Written by":"Camping ElCares","Estimated reading time":"6 minutes"},"schema":{"@context":"https:\/\/schema.org","@graph":[{"@type":"Article","@id":"https:\/\/campingelcarespicosdeeuropa.com\/en\/valdeon-the-valley-that-treasures-the-gateway-to-the-cares-route\/#article","isPartOf":{"@id":"https:\/\/campingelcarespicosdeeuropa.com\/en\/valdeon-the-valley-that-treasures-the-gateway-to-the-cares-route\/"},"author":{"name":"Camping ElCares","@id":"https:\/\/campingelcarespicosdeeuropa.com\/en\/#\/schema\/person\/294070f0fde2fc95ae03b88bdda0df5e"},"headline":"Valde\u00f3n, the valley that treasures the gateway to the Cares route","datePublished":"2024-02-25T16:45:45+00:00","dateModified":"2024-03-07T16:25:12+00:00","mainEntityOfPage":{"@id":"https:\/\/campingelcarespicosdeeuropa.com\/en\/valdeon-the-valley-that-treasures-the-gateway-to-the-cares-route\/"},"wordCount":1124,"publisher":{"@id":"https:\/\/campingelcarespicosdeeuropa.com\/en\/#organization"},"image":{"@id":"https:\/\/campingelcarespicosdeeuropa.com\/en\/valdeon-the-valley-that-treasures-the-gateway-to-the-cares-route\/#primaryimage"},"thumbnailUrl":"https:\/\/campingelcarespicosdeeuropa.com\/wp-content\/uploads\/2024\/02\/Santa-Marina-FDA-P1000411.jpg","articleSection":["Publications"],"inLanguage":"en-GB"},{"@type":"WebPage","@id":"https:\/\/campingelcarespicosdeeuropa.com\/en\/valdeon-the-valley-that-treasures-the-gateway-to-the-cares-route\/","url":"https:\/\/campingelcarespicosdeeuropa.com\/en\/valdeon-the-valley-that-treasures-the-gateway-to-the-cares-route\/","name":"Valde\u00f3n, the valley that treasures the gateway to the Cares route - Camping El Cares","isPartOf":{"@id":"https:\/\/campingelcarespicosdeeuropa.com\/en\/#website"},"primaryImageOfPage":{"@id":"https:\/\/campingelcarespicosdeeuropa.com\/en\/valdeon-the-valley-that-treasures-the-gateway-to-the-cares-route\/#primaryimage"},"image":{"@id":"https:\/\/campingelcarespicosdeeuropa.com\/en\/valdeon-the-valley-that-treasures-the-gateway-to-the-cares-route\/#primaryimage"},"thumbnailUrl":"https:\/\/campingelcarespicosdeeuropa.com\/wp-content\/uploads\/2024\/02\/Santa-Marina-FDA-P1000411.jpg","datePublished":"2024-02-25T16:45:45+00:00","dateModified":"2024-03-07T16:25:12+00:00","inLanguage":"en-GB","potentialAction":[{"@type":"ReadAction","target":["https:\/\/campingelcarespicosdeeuropa.com\/en\/valdeon-the-valley-that-treasures-the-gateway-to-the-cares-route\/"]}]},{"@type":"ImageObject","inLanguage":"en-GB","@id":"https:\/\/campingelcarespicosdeeuropa.com\/en\/valdeon-the-valley-that-treasures-the-gateway-to-the-cares-route\/#primaryimage","url":"https:\/\/campingelcarespicosdeeuropa.com\/wp-content\/uploads\/2024\/02\/Santa-Marina-FDA-P1000411.jpg","contentUrl":"https:\/\/campingelcarespicosdeeuropa.com\/wp-content\/uploads\/2024\/02\/Santa-Marina-FDA-P1000411.jpg","width":1000,"height":750},{"@type":"WebSite","@id":"https:\/\/campingelcarespicosdeeuropa.com\/en\/#website","url":"https:\/\/campingelcarespicosdeeuropa.com\/en\/","name":"Camping El Cares","description":"Picos de Europa","publisher":{"@id":"https:\/\/campingelcarespicosdeeuropa.com\/en\/#organization"},"potentialAction":[{"@type":"SearchAction","target":{"@type":"EntryPoint","urlTemplate":"https:\/\/campingelcarespicosdeeuropa.com\/en\/?s={search_term_string}"},"query-input":{"@type":"PropertyValueSpecification","valueRequired":true,"valueName":"search_term_string"}}],"inLanguage":"en-GB"},{"@type":"Organization","@id":"https:\/\/campingelcarespicosdeeuropa.com\/en\/#organization","name":"Camping El Cares","url":"https:\/\/campingelcarespicosdeeuropa.com\/en\/","logo":{"@type":"ImageObject","inLanguage":"en-GB","@id":"https:\/\/campingelcarespicosdeeuropa.com\/en\/#\/schema\/logo\/image\/","url":"https:\/\/campingelcarespicosdeeuropa.com\/wp-content\/uploads\/2024\/05\/logo-camping-4-1.png","contentUrl":"https:\/\/campingelcarespicosdeeuropa.com\/wp-content\/uploads\/2024\/05\/logo-camping-4-1.png","width":762,"height":668,"caption":"Camping El Cares"},"image":{"@id":"https:\/\/campingelcarespicosdeeuropa.com\/en\/#\/schema\/logo\/image\/"}},{"@type":"Person","@id":"https:\/\/campingelcarespicosdeeuropa.com\/en\/#\/schema\/person\/294070f0fde2fc95ae03b88bdda0df5e","name":"Camping ElCares","sameAs":["http:\/\/campingelcarespicosdeeuropa.com"],"url":"https:\/\/campingelcarespicosdeeuropa.com\/en\/author\/admin6525\/"}]}},"_links":{"self":[{"href":"https:\/\/campingelcarespicosdeeuropa.com\/en\/wp-json\/wp\/v2\/posts\/8892","targetHints":{"allow":["GET"]}}],"collection":[{"href":"https:\/\/campingelcarespicosdeeuropa.com\/en\/wp-json\/wp\/v2\/posts"}],"about":[{"href":"https:\/\/campingelcarespicosdeeuropa.com\/en\/wp-json\/wp\/v2\/types\/post"}],"author":[{"embeddable":true,"href":"https:\/\/campingelcarespicosdeeuropa.com\/en\/wp-json\/wp\/v2\/users\/1"}],"replies":[{"embeddable":true,"href":"https:\/\/campingelcarespicosdeeuropa.com\/en\/wp-json\/wp\/v2\/comments?post=8892"}],"version-history":[{"count":1,"href":"https:\/\/campingelcarespicosdeeuropa.com\/en\/wp-json\/wp\/v2\/posts\/8892\/revisions"}],"predecessor-version":[{"id":8893,"href":"https:\/\/campingelcarespicosdeeuropa.com\/en\/wp-json\/wp\/v2\/posts\/8892\/revisions\/8893"}],"wp:featuredmedia":[{"embeddable":true,"href":"https:\/\/campingelcarespicosdeeuropa.com\/en\/wp-json\/wp\/v2\/media\/8270"}],"wp:attachment":[{"href":"https:\/\/campingelcarespicosdeeuropa.com\/en\/wp-json\/wp\/v2\/media?parent=8892"}],"wp:term":[{"taxonomy":"category","embeddable":true,"href":"https:\/\/campingelcarespicosdeeuropa.com\/en\/wp-json\/wp\/v2\/categories?post=8892"},{"taxonomy":"post_tag","embeddable":true,"href":"https:\/\/campingelcarespicosdeeuropa.com\/en\/wp-json\/wp\/v2\/tags?post=8892"}],"curies":[{"name":"wp","href":"https:\/\/api.w.org\/{rel}","templated":true}]}}